[{"@context":"https:\/\/schema.org\/","@type":"Article","@id":"https:\/\/www.miltex.cz\/zabyvame-se-i-zhotovovanim-nabytku-na-miru\/#Article","mainEntityOfPage":"https:\/\/www.miltex.cz\/zabyvame-se-i-zhotovovanim-nabytku-na-miru\/","headline":"Zab\u00fdv\u00e1me se i zhotovov\u00e1n\u00edm n\u00e1bytku na m\u00edru","name":"Zab\u00fdv\u00e1me se i zhotovov\u00e1n\u00edm n\u00e1bytku na m\u00edru","description":"Poznali jste ji\u017e na\u0161e v\u00fdrobky? Pokud je je\u0161t\u011b nezn\u00e1te, m\u016f\u017eete k n\u00e1m p\u0159ij\u00edt a sezn\u00e1mit se s nimi. Pat\u0159\u00ed k nim i vysoce kvalitn\u00ed interi\u00e9rov\u00e9 dve\u0159e Plze\u0148. M\u016f\u017eete je m\u00edt i vy, pokud si je u n\u00e1s objedn\u00e1te. R\u00e1di v\u00e1m je dod\u00e1me. Na na\u0161i pr\u00e1ci je spolehnut\u00ed. M\u00e1me t\u00fdm profesion\u00e1l\u016f,","datePublished":"2025-09-03","dateModified":"2025-09-03","author":{"@type":"Person","@id":"https:\/\/www.miltex.cz\/author\/#Person","name":"","url":"https:\/\/www.miltex.cz\/author\/","identifier":1,"image":{"@type":"ImageObject","@id":"https:\/\/secure.gravatar.com\/avatar\/da76ffe9456a057fb26f92cd8eb3d2effca853864e9ae2a35290bd1e10b1f7d4?s=96&d=mm&r=g","url":"https:\/\/secure.gravatar.com\/avatar\/da76ffe9456a057fb26f92cd8eb3d2effca853864e9ae2a35290bd1e10b1f7d4?s=96&d=mm&r=g","height":96,"width":96}},"publisher":{"@type":"Organization","name":"miltex.cz","logo":{"@type":"ImageObject","@id":"\/logo.png","url":"\/logo.png","width":600,"height":60}},"url":"https:\/\/www.miltex.cz\/zabyvame-se-i-zhotovovanim-nabytku-na-miru\/","wordCount":200,"articleBody":"Poznali jste ji\u017e na\u0161e v\u00fdrobky? Pokud je je\u0161t\u011b nezn\u00e1te, m\u016f\u017eete k n\u00e1m p\u0159ij\u00edt a sezn\u00e1mit se s nimi. Pat\u0159\u00ed k nim i vysoce kvalitn\u00ed interi\u00e9rov\u00e9 dve\u0159e Plze\u0148. M\u016f\u017eete je m\u00edt i vy, pokud si je u n\u00e1s objedn\u00e1te. R\u00e1di v\u00e1m je dod\u00e1me. Na na\u0161i pr\u00e1ci je spolehnut\u00ed. M\u00e1me t\u00fdm profesion\u00e1l\u016f, kter\u00fd v\u0161e zvl\u00e1dne ve vysok\u00e9 kvalit\u011b a ve stanoven\u00fdch term\u00ednech. V p\u0159\u00edpad\u011b va\u0161eho z\u00e1jmu n\u00e1s kontaktujte. Na\u0161e slu\u017eby jsou tady pro v\u00e1s P\u0159edm\u011btem na\u0161\u00ed \u010dinnosti jsou interi\u00e9rov\u00e9 dve\u0159e Plze\u0148, ale tak\u00e9 v\u00fdroba ve\u0161ker\u00e9ho n\u00e1bytku na m\u00edru, d\u00e1le pokl\u00e1d\u00e1n\u00ed podlah, v\u010detn\u011b plovouc\u00edch, v\u00fdroba klik, schod\u016f i z\u00e1bradl\u00ed, ale i dal\u0161\u00edch. Kdo bude m\u00edt z\u00e1jem, m\u016f\u017ee se k n\u00e1m dostavit a my v\u00e1m je uk\u00e1\u017eeme. M\u016f\u017eete si je prohl\u00e9dnout a sami se pak rozhodnout pro n\u011bkter\u00e9 z nich. Jsme p\u0159esv\u011bd\u010deni, \u017ee budeme m\u00edt u v\u00e1s \u00fasp\u011bch.                                                                                                                                                                                                                                                                                                                                                                                                "},{"@context":"https:\/\/schema.org\/","@type":"BreadcrumbList","itemListElement":[{"@type":"ListItem","position":1,"name":"Zab\u00fdv\u00e1me se i zhotovov\u00e1n\u00edm n\u00e1bytku na m\u00edru","item":"https:\/\/www.miltex.cz\/zabyvame-se-i-zhotovovanim-nabytku-na-miru\/#breadcrumbitem"}]}]