[{"@context":"https:\/\/schema.org\/","@type":"Article","@id":"https:\/\/www.miltex.cz\/usporadani-veci-v-byte\/#Article","mainEntityOfPage":"https:\/\/www.miltex.cz\/usporadani-veci-v-byte\/","headline":"Uspo\u0159\u00e1d\u00e1n\u00ed v\u011bc\u00ed v byt\u011b","name":"Uspo\u0159\u00e1d\u00e1n\u00ed v\u011bc\u00ed v byt\u011b","description":"Uspo\u0159\u00e1d\u00e1n\u00ed v\u011bc\u00ed v\u00a0byt\u011b, tak to je t\u00e9ma, kter\u00e9 je pro m\u011b hodn\u011b d\u016fle\u017eit\u00e9. V\u00edte, jak to b\u00fdv\u00e1, kdy\u017e se v\u00e1m doma za\u010dne hromadit v\u0161echno mo\u017en\u00e9, od drobnost\u00ed po v\u011bci, kter\u00e9 vlastn\u011b ani nepou\u017e\u00edv\u00e1te? Kdy\u017e se takhle obklop\u00edte, cel\u00fd byt p\u016fsob\u00ed trochu chaosov\u011b. A pak se c\u00edt\u00edte, jak kdyby se v\u00e1m","datePublished":"2024-02-28","dateModified":"2024-02-28","author":{"@type":"Person","@id":"https:\/\/www.miltex.cz\/author\/#Person","name":"","url":"https:\/\/www.miltex.cz\/author\/","identifier":1,"image":{"@type":"ImageObject","@id":"https:\/\/secure.gravatar.com\/avatar\/da76ffe9456a057fb26f92cd8eb3d2effca853864e9ae2a35290bd1e10b1f7d4?s=96&d=mm&r=g","url":"https:\/\/secure.gravatar.com\/avatar\/da76ffe9456a057fb26f92cd8eb3d2effca853864e9ae2a35290bd1e10b1f7d4?s=96&d=mm&r=g","height":96,"width":96}},"publisher":{"@type":"Organization","name":"miltex.cz","logo":{"@type":"ImageObject","@id":"\/logo.png","url":"\/logo.png","width":600,"height":60}},"image":{"@type":"ImageObject","@id":"https:\/\/www.miltex.cz\/wp-content\/uploads\/architecture-1171462_960_720_2.jpg","url":"https:\/\/www.miltex.cz\/wp-content\/uploads\/architecture-1171462_960_720_2.jpg","height":0,"width":0},"url":"https:\/\/www.miltex.cz\/usporadani-veci-v-byte\/","about":["Byt"],"wordCount":447,"articleBody":"Uspo\u0159\u00e1d\u00e1n\u00ed v\u011bc\u00ed v\u00a0byt\u011b, tak to je t\u00e9ma, kter\u00e9 je pro m\u011b hodn\u011b d\u016fle\u017eit\u00e9. V\u00edte, jak to b\u00fdv\u00e1, kdy\u017e se v\u00e1m doma za\u010dne hromadit v\u0161echno mo\u017en\u00e9, od drobnost\u00ed po v\u011bci, kter\u00e9 vlastn\u011b ani nepou\u017e\u00edv\u00e1te? Kdy\u017e se takhle obklop\u00edte, cel\u00fd byt p\u016fsob\u00ed trochu chaosov\u011b. A pak se c\u00edt\u00edte, jak kdyby se v\u00e1m do hlavy taky pomalu dost\u00e1valo v\u00edc a v\u00edc nepo\u0159\u00e1dku. A to p\u0159ece nechceme, ne?\u00a0J\u00e1 osobn\u011b miluju m\u00edt v\u011bci uspo\u0159\u00e1dan\u00e9, proto\u017ee kdy\u017e m\u00e1te kolem sebe po\u0159\u00e1dek, l\u00e9pe se v\u00e1m i p\u0159em\u00fd\u0161l\u00ed a c\u00edt\u00edte se v\u00edc v pohod\u011b. Tak\u017ee, co s t\u00edm? Jak na to?\u00a0Prvn\u00edm krokem je zbavit se v\u011bc\u00ed, kter\u00e9 opravdu nepot\u0159ebujete. Jasn\u011b, ob\u010das se n\u00e1m stane, \u017ee si n\u011bco nech\u00e1me jen proto, \u017ee je to &#8222;hezk\u00e9&#8220; nebo &#8222;tohle bych je\u0161t\u011b mohla jednou vyu\u017e\u00edt&#8220;. Ale ruku na srdce pros\u00edm v\u00e1s, jak \u010dasto to opravdu vyu\u017eijeme? Pokud je to u\u017e n\u011bkolik m\u011bs\u00edc\u016f (nebo let!) v krabici, asi to opravdu nen\u00ed pot\u0159eba. Tak\u017ee za\u010dn\u011bte s t\u0159\u00edd\u011bn\u00edm a uvid\u00edte, jak se prostor najednou uvoln\u00ed. Dejte to pry\u010d, prodejte, nebo darujte n\u011bkomu, kdo to ocen\u00ed.\u00a0Pak, co mi p\u0159ijde d\u016fle\u017eit\u00e9, je m\u00edt v byt\u011b \u00falo\u017en\u00e9 prostory, kter\u00e9 maj\u00ed smysl. A\u0165 u\u017e jde o \u0161upl\u00edky, krabice, police nebo sk\u0159\u00ed\u0148ky. V\u0161echno, co se d\u00e1 schovat, se hod\u00ed. Ale pozor, je fajn, kdy\u017e to nen\u00ed \u00fapln\u011b v\u0161echno schovan\u00e9 v \u0161upl\u00edku, kde se v\u00e1m to bude hromadit a u\u017e nikdy to nenajdete. M\u011bjte p\u0159ehled a v\u0161echno si p\u011bkn\u011b rozt\u0159i\u010fte.J\u00e1 t\u0159eba m\u00e1m ka\u017edou sk\u0159\u00ed\u0148ku na konkr\u00e9tn\u00ed v\u011bci \u2013 ta na \u010distic\u00ed prost\u0159edky, ta na kosmetiku, ta na dokumenty. Kdy\u017e v\u00edte, kam co pat\u0159\u00ed, ukl\u00edzet je mnohem snadn\u011bj\u0161\u00ed.\u00a0Pokud m\u00e1te mal\u00e9 prostory, zkuste vyu\u017e\u00edt ka\u017ed\u00fd kousek m\u00edsta. Nap\u0159\u00edklad pod postel\u00ed, pod seda\u010dkou, za dve\u0159mi. M\u016f\u017eete tam schovat n\u011bjak\u00e9 sez\u00f3nn\u00ed v\u011bci, kter\u00e9 moment\u00e1ln\u011b nepot\u0159ebujete, a u\u017e\u00edvat si tak v\u00edce prostoru pro ty, kter\u00e9 pou\u017e\u00edv\u00e1te \u010dast\u011bji. Vyu\u017eijte i vertik\u00e1ln\u00ed prostor a zav\u011bste v\u011bci na st\u011bnu nebo pou\u017eijte z\u00e1v\u011bsn\u00e9 police. Tak \u0161up do toho \u00a0a a\u0165 u\u017e m\u00e1me v\u0161e hezky srovn\u00e1no a hlavn\u011b to udr\u017eujeme.                                                                                                                                                                                                                                                                                                                                                                                        4.3\/5 - (11 votes)        "},{"@context":"https:\/\/schema.org\/","@type":"BreadcrumbList","itemListElement":[{"@type":"ListItem","position":1,"name":"Uspo\u0159\u00e1d\u00e1n\u00ed v\u011bc\u00ed v byt\u011b","item":"https:\/\/www.miltex.cz\/usporadani-veci-v-byte\/#breadcrumbitem"}]}]