[{"@context":"https:\/\/schema.org\/","@type":"Article","@id":"https:\/\/www.miltex.cz\/sacky-s-posuvnym-jezdcem-pro-vasi-aktivni-dovolenou\/#Article","mainEntityOfPage":"https:\/\/www.miltex.cz\/sacky-s-posuvnym-jezdcem-pro-vasi-aktivni-dovolenou\/","headline":"S\u00e1\u010dky s posuvn\u00fdm jezdcem pro va\u0161i aktivn\u00ed dovolenou","name":"S\u00e1\u010dky s posuvn\u00fdm jezdcem pro va\u0161i aktivn\u00ed dovolenou","description":"Tak\u00e9 nem\u00e1te r\u00e1di vysloven\u011b pasivn\u00ed formu dovolen\u00e9, kdy za v\u00e1s n\u011bkdo promysl\u00ed program pro jednotliv\u00e9 dny, a vy se pak doslova \u201evezete\u201c, ani\u017e byste projevili n\u011bjakou tv\u016fr\u010d\u00ed aktivitu? Takto to b\u00fdv\u00e1 nap\u0159\u00edklad u z\u00e1jezd\u016f s cestovn\u00ed kancel\u00e1\u0159\u00ed, kdy m\u00e1te zaji\u0161t\u011bn\u00e9 ubytov\u00e1n\u00ed a plnou penzi, luxusn\u00ed hotel s baz\u00e9nem a v\u00fdhledem","datePublished":"2024-02-14","dateModified":"2024-03-15","author":{"@type":"Person","@id":"https:\/\/www.miltex.cz\/author\/#Person","name":"","url":"https:\/\/www.miltex.cz\/author\/","identifier":1,"image":{"@type":"ImageObject","@id":"https:\/\/secure.gravatar.com\/avatar\/da76ffe9456a057fb26f92cd8eb3d2effca853864e9ae2a35290bd1e10b1f7d4?s=96&d=mm&r=g","url":"https:\/\/secure.gravatar.com\/avatar\/da76ffe9456a057fb26f92cd8eb3d2effca853864e9ae2a35290bd1e10b1f7d4?s=96&d=mm&r=g","height":96,"width":96}},"publisher":{"@type":"Organization","name":"miltex.cz","logo":{"@type":"ImageObject","@id":"\/logo.png","url":"\/logo.png","width":600,"height":60}},"image":{"@type":"ImageObject","@id":"https:\/\/www.miltex.cz\/wp-content\/uploads\/pistachios-3223610_640.jpg","url":"https:\/\/www.miltex.cz\/wp-content\/uploads\/pistachios-3223610_640.jpg","height":0,"width":0},"url":"https:\/\/www.miltex.cz\/sacky-s-posuvnym-jezdcem-pro-vasi-aktivni-dovolenou\/","about":["Produkty"],"wordCount":423,"articleBody":"   Tak\u00e9 nem\u00e1te r\u00e1di vysloven\u011b pasivn\u00ed formu dovolen\u00e9, kdy za v\u00e1s n\u011bkdo promysl\u00ed program pro jednotliv\u00e9 dny, a vy se pak doslova \u201evezete\u201c, ani\u017e byste projevili n\u011bjakou tv\u016fr\u010d\u00ed aktivitu? Takto to b\u00fdv\u00e1 nap\u0159\u00edklad u z\u00e1jezd\u016f s cestovn\u00ed kancel\u00e1\u0159\u00ed, kdy m\u00e1te zaji\u0161t\u011bn\u00e9 ubytov\u00e1n\u00ed a plnou penzi, luxusn\u00ed hotel s baz\u00e9nem a v\u00fdhledem na mo\u0159e, ale t\u00edm, \u017ee tu nemus\u00edte nic d\u011blat a jen se povalovat na pl\u00e1\u017ei, za\u010dnete se ji\u017e po dvou dnech nudit.Nic takov\u00e9ho v\u00e1m nehroz\u00ed v hor\u00e1ch, kde si pronajmete horskou chatu, a va\u0161im c\u00edlem bude nachodit stovky kilometr\u016f po h\u0159ebenov\u00fdch stezk\u00e1ch s dalek\u00fdmi v\u00fdhledy, nap\u0159\u00edklad v Krkono\u0161\u00edch nad Labskou boudou. Aktivn\u00ed dovolen\u00e1 je v\u017edy zaj\u00edmav\u011bj\u0161\u00ed a hez\u010d\u00ed, i kdy\u017e se t\u0159eba nad\u0159ete a jste unaven\u00ed po celodenn\u00ed t\u00fa\u0159e, ale z\u00e1rove\u0148 jste \u0161\u0165astn\u00ed a spokojen\u00ed z realizace pl\u00e1n\u016f na z\u00e1klad\u011b va\u0161ich vlastn\u00edch schopnost\u00ed.Horsk\u00e1 turistika je tak\u00e9 m\u00edstem, kde jste v\u00edce v kontaktu s p\u0159\u00edrodou a m\u016f\u017eete si ji pak alespo\u0148 v podob\u011b suven\u00fdr\u016f odn\u00e9st dom\u016f na pam\u00e1tku, nasb\u00edrat barevn\u00e9 kameny a samorosty a ulo\u017eit je pak do zip s\u00e1\u010dk\u016f s posuvn\u00fdm jezdcem, aby se v\u00e1m nerozkut\u00e1lely v batohu.Kdy\u017e u\u017e jsme zde zm\u00ednili plastov\u00e9 s\u00e1\u010dky, mohou se v\u00e1m tu hodit i pro zabalen\u00ed sva\u010diny a tak\u00e9 pro v\u00fdm\u011bnu spodn\u00edho pr\u00e1dla v pr\u016fb\u011bhu v\u00fdletu, zejm\u00e9na propocen\u00fdch pono\u017eek. N\u011bkte\u0159\u00ed lid\u00e9 zapom\u00ednaj\u00ed na n\u00e1hradn\u00ed pono\u017eky a na v\u00fdlet\u011b se jim pak vytvo\u0159\u00ed puch\u00fd\u0159e z prom\u00e1\u010den\u00fdch, propocen\u00fdch pono\u017eek, kter\u00e9 se t\u0159ou mezi poko\u017ekou a obuv\u00ed. Vezm\u011bte si rad\u011bji s sebou v\u00edce pono\u017eek, t\u0159eba i p\u011bt p\u00e1r\u016f, jsou lehk\u00e9, nezaberou mnoho m\u00edsta a m\u00e1t pak jistotu, \u017ee m\u00e1te s sebou to nejd\u016fle\u017eit\u011bj\u0161\u00ed. Propocen\u00e9 pou\u017eit\u00e9 pono\u017eky pak ulo\u017e\u00edte do zipov\u00e9ho s\u00e1\u010dku a nemus\u00edte pak d\u00e1l ji\u017e nic \u0159e\u0161it. S\u00e1\u010dky na \u0161pinav\u00e9 pr\u00e1dlo m\u016f\u017eete samoz\u0159ejm\u011b vyu\u017e\u00edt i kdekoli jinde a mohou je m\u00edt k dispozici i d\u011bti ve \u0161kole, kter\u00e9 do nich ulo\u017e\u00ed oble\u010den\u00ed na t\u011blocvik a p\u0159inesou je pak dom\u016f vyprat.                                                                                                                                                                                                                                                                                                                                                                                          5\/5 - (4 votes)        "},{"@context":"https:\/\/schema.org\/","@type":"BreadcrumbList","itemListElement":[{"@type":"ListItem","position":1,"name":"S\u00e1\u010dky s posuvn\u00fdm jezdcem pro va\u0161i aktivn\u00ed dovolenou","item":"https:\/\/www.miltex.cz\/sacky-s-posuvnym-jezdcem-pro-vasi-aktivni-dovolenou\/#breadcrumbitem"}]}]