[{"@context":"https:\/\/schema.org\/","@type":"Article","@id":"https:\/\/www.miltex.cz\/nabizime-skvele-fotografy-i-kameramany\/#Article","mainEntityOfPage":"https:\/\/www.miltex.cz\/nabizime-skvele-fotografy-i-kameramany\/","headline":"Nab\u00edz\u00edme skv\u011bl\u00e9 fotografy i kameramany!","name":"Nab\u00edz\u00edme skv\u011bl\u00e9 fotografy i kameramany!","description":"M\u00e1m zn\u00e1mou\/kamar\u00e1dku, kter\u00e1 po\u0159izuje n\u00e1dhern\u00e9 fotografie na svatb\u00e1ch. V dne\u0161n\u00ed dob\u011b toti\u017e nen\u00ed u\u017e ani tak n\u00e1ro\u010dn\u00e9 sehnat svatebn\u00edho fotografa ze Zl\u00edna https:\/\/www.yorge.cz\/svatebni-fotograf-zlin\/, ale kvalitn\u00edho, to ur\u010dit\u011b, proto\u017ee v dne\u0161n\u00ed dob\u011b m\u016f\u017ee b\u00fdt fotograf u\u017e kde kdo. D\u0159\u00edv bylo opravdu n\u00e1ro\u010dn\u00e9 jak\u00e9koli sn\u00edmky po\u0159\u00eddit, proto\u017ee se fotografie musela nejprve vyvolat,","datePublished":"2023-05-16","dateModified":"2023-11-25","author":{"@type":"Person","@id":"https:\/\/www.miltex.cz\/author\/#Person","name":"","url":"https:\/\/www.miltex.cz\/author\/","identifier":1,"image":{"@type":"ImageObject","@id":"https:\/\/secure.gravatar.com\/avatar\/da76ffe9456a057fb26f92cd8eb3d2effca853864e9ae2a35290bd1e10b1f7d4?s=96&d=mm&r=g","url":"https:\/\/secure.gravatar.com\/avatar\/da76ffe9456a057fb26f92cd8eb3d2effca853864e9ae2a35290bd1e10b1f7d4?s=96&d=mm&r=g","height":96,"width":96}},"publisher":{"@type":"Organization","name":"miltex.cz","logo":{"@type":"ImageObject","@id":"\/logo.png","url":"\/logo.png","width":600,"height":60}},"image":{"@type":"ImageObject","@id":"https:\/\/www.miltex.cz\/wp-content\/uploads\/life-863708_1280.jpg","url":"https:\/\/www.miltex.cz\/wp-content\/uploads\/life-863708_1280.jpg","height":0,"width":0},"url":"https:\/\/www.miltex.cz\/nabizime-skvele-fotografy-i-kameramany\/","about":["Spole\u010dnosti"],"wordCount":452,"articleBody":"       M\u00e1m zn\u00e1mou\/kamar\u00e1dku, kter\u00e1 po\u0159izuje n\u00e1dhern\u00e9 fotografie na svatb\u00e1ch. V dne\u0161n\u00ed dob\u011b toti\u017e nen\u00ed u\u017e ani tak n\u00e1ro\u010dn\u00e9 sehnat svatebn\u00edho fotografa ze Zl\u00edna https:\/\/www.yorge.cz\/svatebni-fotograf-zlin\/, ale kvalitn\u00edho, to ur\u010dit\u011b, proto\u017ee v dne\u0161n\u00ed dob\u011b m\u016f\u017ee b\u00fdt fotograf u\u017e kde kdo. D\u0159\u00edv bylo opravdu n\u00e1ro\u010dn\u00e9 jak\u00e9koli sn\u00edmky po\u0159\u00eddit, proto\u017ee se fotografie musela nejprve vyvolat, a to v dne\u0161n\u00ed technick\u00e9 dob\u011b u\u017e t\u00e9m\u011b\u0159 v\u016fbec nezn\u00e1me! Tak\u00e9 si m\u016f\u017eete nechat ud\u011blat dokonce i svatebn\u00ed video, co\u017e pr\u00e1v\u011b ta moje zn\u00e1m\u00e1 d\u011bl\u00e1 novoman\u017eel\u016fm na pam\u00e1tku tak\u00e9.Pl\u00e1nujete v nejbli\u017e\u0161\u00ed dob\u011b svatbu, nebo v\u00edte o n\u011bkom z va\u0161ich bl\u00edzk\u00fdch a v\u00edte, \u017ee ani vy, nebo oni nemaj\u00ed \u017e\u00e1dn\u00e9ho fotografa nebo kameramana? M\u00e1me pro v\u00e1s nab\u00eddku! V\u00edme o fotografech, kte\u0159\u00ed po\u0159izuj\u00ed fotografie p\u0159\u00edmo na svatb\u00e1ch. Neposkytnou v\u00e1m pouze fotografie, ale tak\u00e9 v\u00e1m mohou nato\u010dit video, kter\u00e9 se v\u00e1m bude hodit potom a\u017e budete jednou cht\u00edt vzpom\u00ednat s va\u0161\u00edm man\u017eelem na v\u00e1\u0161 v\u00fdjime\u010dn\u00fd, ale tak\u00e9 mo\u017en\u00e1 na nejd\u016fle\u017eit\u011bj\u0161\u00ed den va\u0161eho \u017eivota. Jsme fotografov\u00e9 ze Zl\u00edna. Poskytujeme nejen kr\u00e1sn\u00e9 fotografie ze svateb, ale tak\u00e9 videa. M\u016f\u017eete si vybrat na na\u0161ich str\u00e1nk\u00e1ch mezi t\u0159emi fotografy a pod\u00edvat se na na\u0161\u00ed vlastn\u00ed tvorbu.Jak\u00e9 slu\u017eby v\u00e1m m\u016f\u017eeme poskytnout? Sou\u010d\u00e1st\u00ed na\u0161\u00ed pr\u00e1ce nen\u00ed jen focen\u00ed p\u0159\u00edmo z va\u0161eho svatebn\u00edho dne, ale nab\u00edz\u00edme tak\u00e9 p\u0159edsvatebn\u00ed focen\u00ed, to je v\u00fdhodn\u00e9 p\u0159edev\u0161\u00edm proto, \u017ee v\u00e1s p\u0159iprav\u00ed na samotn\u00e9 focen\u00ed na svatbu, ale tak\u00e9 odbour\u00e1 va\u0161i nervozitu z focen\u00ed. D\u00e1le velkou v\u00fdhodou je to, \u017ee se l\u00e9pe s\u017eijete, nebo tak\u00e9 sehrajete s fotografem, nau\u010d\u00edte se l\u00e9pe p\u00f3zovat atd. D\u00e1le v\u00e1m m\u016f\u017eeme nab\u00eddnout portr\u00e9tn\u00ed focen\u00ed, d\u00e1le tak\u00e9 fot\u00edme ve svatebn\u00edm fotobudce, nebo ve svatebn\u00edm fotokoutku. Na fotografie se m\u016f\u017eete p\u0159\u00edmo pod\u00edvat na t\u011bchto na\u0161\u00edch str\u00e1nk\u00e1ch, tak\u00e9 jsou k dispozici r\u016fzn\u00e1 svatebn\u00ed videa abyste m\u011bli p\u0159\u00edmo p\u0159ehled a mohli se pod\u00edvat, zda byste s n\u00e1mi byli spokojen\u00ed. Pokud m\u00e1te z\u00e1jem m\u016f\u017eete n\u00e1s p\u0159\u00edmo kontaktovat pomoc\u00ed zpr\u00e1vy, nesvatebn\u00ed dotazy n\u00e1m m\u016f\u017eete pokl\u00e1dat na na\u0161em emailu, kter\u00fd je uveden na na\u0161\u00edch internetov\u00fdch str\u00e1nk\u00e1ch.                                                                                                                                                                                                                                                                                                                                                                                          4.1\/5 - (8 votes)        "},{"@context":"https:\/\/schema.org\/","@type":"BreadcrumbList","itemListElement":[{"@type":"ListItem","position":1,"name":"Nab\u00edz\u00edme skv\u011bl\u00e9 fotografy i kameramany!","item":"https:\/\/www.miltex.cz\/nabizime-skvele-fotografy-i-kameramany\/#breadcrumbitem"}]}]