[{"@context":"https:\/\/schema.org\/","@type":"Article","@id":"https:\/\/www.miltex.cz\/muzi-zenam\/#Article","mainEntityOfPage":"https:\/\/www.miltex.cz\/muzi-zenam\/","headline":"Mu\u017ei \u017een\u00e1m","name":"Mu\u017ei \u017een\u00e1m","description":"V\u017edycky m\u00e1m zato, \u017ee mu\u017ei v\u017edycky maj\u00ed ud\u011blat ten prvn\u00ed krok. Jenom\u017ee v dne\u0161n\u00ed siln\u00e9 emancipaci \u017een, si to u\u017e mnoho \u017een nemysl\u00ed. A mu\u017ei se\u00a0potom\u00a0boj\u00ed\u00a0ud\u011blat\u00a0n\u011bjak\u00e9\u00a0p\u011bkn\u00e9\u00a0a gentlemansk\u00e9 gesto \u017een\u011b, aby nebyli ura\u017een\u00e9. Podle m\u00e9ho n\u00e1zoru je tohle opravdu velik\u00e1 \u0161koda. Proto\u017ee j\u00e1 pat\u0159\u00edm k t\u011bm \u017een\u00e1m, kter\u00e9 si je\u0161t\u011b nechaj\u00ed","datePublished":"2023-04-30","dateModified":"2023-09-07","author":{"@type":"Person","@id":"https:\/\/www.miltex.cz\/author\/#Person","name":"","url":"https:\/\/www.miltex.cz\/author\/","identifier":1,"image":{"@type":"ImageObject","@id":"https:\/\/secure.gravatar.com\/avatar\/da76ffe9456a057fb26f92cd8eb3d2effca853864e9ae2a35290bd1e10b1f7d4?s=96&d=mm&r=g","url":"https:\/\/secure.gravatar.com\/avatar\/da76ffe9456a057fb26f92cd8eb3d2effca853864e9ae2a35290bd1e10b1f7d4?s=96&d=mm&r=g","height":96,"width":96}},"publisher":{"@type":"Organization","name":"miltex.cz","logo":{"@type":"ImageObject","@id":"\/logo.png","url":"\/logo.png","width":600,"height":60}},"image":{"@type":"ImageObject","@id":"https:\/\/www.miltex.cz\/wp-content\/uploads\/bouquet-1790142_1280.jpg","url":"https:\/\/www.miltex.cz\/wp-content\/uploads\/bouquet-1790142_1280.jpg","height":0,"width":0},"url":"https:\/\/www.miltex.cz\/muzi-zenam\/","about":["Mu\u017ei"],"wordCount":456,"articleBody":"V\u017edycky m\u00e1m zato, \u017ee mu\u017ei v\u017edycky maj\u00ed ud\u011blat ten prvn\u00ed krok. Jenom\u017ee v dne\u0161n\u00ed siln\u00e9 emancipaci \u017een, si to u\u017e mnoho \u017een nemysl\u00ed. A mu\u017ei se\u00a0potom\u00a0boj\u00ed\u00a0ud\u011blat\u00a0n\u011bjak\u00e9\u00a0p\u011bkn\u00e9\u00a0a gentlemansk\u00e9 gesto \u017een\u011b, aby nebyli ura\u017een\u00e9. Podle m\u00e9ho n\u00e1zoru je tohle opravdu velik\u00e1 \u0161koda. Proto\u017ee j\u00e1 pat\u0159\u00edm k t\u011bm \u017een\u00e1m, kter\u00e9 si je\u0161t\u011b nechaj\u00ed s oblibou otev\u0159\u00edt dve\u0159e od restaurace anebo u auta. No, komu by se tohle nel\u00edbilo? Opravdu nech\u00e1pu ty dne\u0161n\u00ed \u017eeny, kter\u00e9 jsou a\u017e moc emancipovan\u00e9. Samoz\u0159ejm\u011b ano, \u010d\u00e1ste\u010dn\u00e1 emancipace \u017een a opravdu perfektn\u00ed a mn\u011b se to tak\u00e9 l\u00edb\u00ed. I j\u00e1 jsem emancipovan\u00e1. Ale ur\u010dit\u00e1 romantick\u00e1 gesta a takov\u00e9\u00a0skv\u011bl\u00e9\u00a0mu\u017enosti, co d\u011blaj\u00ed p\u00e1nov\u00e9, tak to se mi opravdu hodn\u011b l\u00edb\u00ed a moc r\u00e1da si je nech\u00e1v\u00e1m d\u011blat. Zn\u00e1m toti\u017e je\u0161t\u011b dv\u011b moje zn\u00e1m\u00e9, skoro jako kamar\u00e1dky, kter\u00e9 si v\u016fbec necht\u011bj\u00ed nechat otev\u0159\u00edt dve\u0159e od restaurace anebo od auta. Ani necht\u011bj\u00ed pomoct do kab\u00e1tu. Co je na tom divn\u00e9ho? Podle m\u00e9ho n\u00e1zoru je tohle docela u\u017e takov\u00e9 \u0161kodolib\u00e9 a mo\u017en\u00e1 to tak\u00e9 shazuje mu\u017ee a jejich mo\u017enost. Podle m\u00e9ho n\u00e1zoru je \u00fapln\u011b norm\u00e1ln\u00ed, kdy\u017e mu\u017e vezme t\u0159eba \u017eenu za ruku a pom\u016f\u017ee j\u00ed do kab\u00e1tu anebo j\u00ed pom\u016f\u017ee do schod\u016f.Pro\u010d by tohle \u017een\u00e1m m\u011blo vadit? P\u0159edpokl\u00e1d\u00e1m, \u017ee n\u011bkter\u00e9 \u017eeny tohle d\u011blaj\u00ed schv\u00e1ln\u011b, \u017ee je mu\u017e nap\u0159\u00edklad podvedl. Proto\u017ee kdy\u017e jsou \u017eeny podveden\u00e9 mu\u017ei, tak se v\u011bt\u0161inou mst\u00ed opravdu cel\u00e9mu mu\u017esk\u00e9mu sv\u011btu. A tohle se mi nel\u00edb\u00ed a p\u0159ijde mi to tak\u00e9 samoz\u0159ejm\u011b nepoctiv\u00e9. A nef\u00e9rov\u00e9. Tak\u017ee j\u00e1 sama jsem si \u0159ekla, \u017ee si nech\u00e1m od m\u016f\u017eu takhle podstrkovat. L\u00edb\u00ed se mi to. A nev\u00edm, pro\u010d bych se m\u011bla zlobit na p\u00e1ny tvorstva jenom kv\u016fli tomu, \u017ee mi ud\u011blali p\u011bkn\u00e9 galantn\u00ed gesto anebo \u017ee mi otev\u0159eli dve\u0159e u auta nebo od restaurace. A tak\u00e9 se r\u00e1da nech\u00e1m pozvat, proto\u017ee pozv\u00e1n\u00ed na k\u00e1vu neberu v\u016fbec nic jako pohor\u0161uj\u00edc\u00edho. A jak to m\u00e1te s mu\u017ei vy? V\u011b\u0159te mi, \u017ee i p\u00e1nov\u00e9 se n\u011bkdy boj\u00ed n\u011bco ud\u011blat, jenom aby nebyli na\u0159knuti, \u017ee ud\u011blali n\u011bco \u0161patn\u011b. Mysl\u00edm si, \u017ee je \u010das nechat mu\u017ee, aby byli mu\u017en\u011bj\u0161\u00ed.\u00a0                                                                                                                                                                                                                                                                                                                                                                                        4.5\/5 - (13 votes)        "},{"@context":"https:\/\/schema.org\/","@type":"BreadcrumbList","itemListElement":[{"@type":"ListItem","position":1,"name":"Mu\u017ei \u017een\u00e1m","item":"https:\/\/www.miltex.cz\/muzi-zenam\/#breadcrumbitem"}]}]