[{"@context":"https:\/\/schema.org\/","@type":"Article","@id":"https:\/\/www.miltex.cz\/investice-do-kvality\/#Article","mainEntityOfPage":"https:\/\/www.miltex.cz\/investice-do-kvality\/","headline":"Investice do kvality","name":"Investice do kvality","description":"Kvalitn\u00ed koberce Praha jsou opravdu skv\u011bl\u00fdm rozhodnut\u00edm pro ka\u017ed\u00e9ho z n\u00e1s, kdo chce m\u00edt co nejhez\u010d\u00ed a nejl\u00e9pe vybaven\u00ed interi\u00e9r. Pokud si potrp\u00edte na p\u011bkn\u00e9m vzhledu, na jist\u00e9m luxusu a p\u0159itom na eleganci, tak nev\u00e1hejte vsadit pr\u00e1v\u011b na kvalitu t\u011bchto tkanin, kter\u00e9 jsou osv\u011bd\u010den\u00e9 ji\u017e spoustu let. M\u016f\u017eete si vyb\u00edrat","datePublished":"2023-09-03","dateModified":"2023-09-03","author":{"@type":"Person","@id":"https:\/\/www.miltex.cz\/author\/#Person","name":"","url":"https:\/\/www.miltex.cz\/author\/","identifier":1,"image":{"@type":"ImageObject","@id":"https:\/\/secure.gravatar.com\/avatar\/da76ffe9456a057fb26f92cd8eb3d2effca853864e9ae2a35290bd1e10b1f7d4?s=96&d=mm&r=g","url":"https:\/\/secure.gravatar.com\/avatar\/da76ffe9456a057fb26f92cd8eb3d2effca853864e9ae2a35290bd1e10b1f7d4?s=96&d=mm&r=g","height":96,"width":96}},"publisher":{"@type":"Organization","name":"miltex.cz","logo":{"@type":"ImageObject","@id":"\/logo.png","url":"\/logo.png","width":600,"height":60}},"url":"https:\/\/www.miltex.cz\/investice-do-kvality\/","wordCount":234,"articleBody":"Kvalitn\u00ed koberce Praha jsou opravdu skv\u011bl\u00fdm rozhodnut\u00edm pro ka\u017ed\u00e9ho z n\u00e1s, kdo chce m\u00edt co nejhez\u010d\u00ed a nejl\u00e9pe vybaven\u00ed interi\u00e9r. Pokud si potrp\u00edte na p\u011bkn\u00e9m vzhledu, na jist\u00e9m luxusu a p\u0159itom na eleganci, tak nev\u00e1hejte vsadit pr\u00e1v\u011b na kvalitu t\u011bchto tkanin, kter\u00e9 jsou osv\u011bd\u010den\u00e9 ji\u017e spoustu let. M\u016f\u017eete si vyb\u00edrat z des\u00edtek a des\u00edtek nejr\u016fzn\u011bj\u0161\u00edch vzor\u016f a barvi\u010dek, je jenom na va\u0161em zv\u00e1\u017een\u00ed, co si nakonec vyberete a \u010d\u00edm vyzdob\u00edte sv\u016fj interi\u00e9r. A\u0165 u\u017e se ale rozhodnete pro jakoukoliv variantu, v\u017edy budete nesm\u00edrn\u011b spokojeni a udiveni z toho, jak efektivn\u011b v\u00fdsledek vypad\u00e1.P\u0159\u00edjemn\u00e9 teplo od nohouNesn\u00e1\u0161\u00edte, kdy\u017e v\u00e1m je v zim\u011b zima od kon\u010detin? Je to opravdu nep\u0159\u00edjemn\u00e9, a studen\u00e9 parkety \u010di podlahy tomu moc nep\u0159isp\u00edvaj\u00ed. V\u00fdhody koberc\u016f tedy ocen\u00edte hlavn\u011b i v zim\u011b, kdy v\u00e1s budou kr\u00e1sn\u011b h\u0159\u00e1t a kdy bude pot\u011b\u0161en\u00edm po nich chodit a dot\u00fdkat se jich holou k\u016f\u017e\u00ed. Rozhodn\u011b si ten pocit zamilujete, proto\u017ee je zkr\u00e1tka k nezaplacen\u00ed. Nev\u00e1hejte investovat pr\u00e1v\u011b t\u00edmto spr\u00e1vn\u00fdm sm\u011brem, proto\u017ee je to mo\u017enost, jak spojit p\u0159\u00edjemn\u00e9 s u\u017eite\u010dn\u00fdm.                                                                                                                                                                                                                                                                                                                                                                                        4.4\/5 - (7 votes)        "},{"@context":"https:\/\/schema.org\/","@type":"BreadcrumbList","itemListElement":[{"@type":"ListItem","position":1,"name":"Investice do kvality","item":"https:\/\/www.miltex.cz\/investice-do-kvality\/#breadcrumbitem"}]}]