[{"@context":"https:\/\/schema.org\/","@type":"Article","@id":"https:\/\/www.miltex.cz\/driv-jsme-asi-nemeli-kurvitka\/#Article","mainEntityOfPage":"https:\/\/www.miltex.cz\/driv-jsme-asi-nemeli-kurvitka\/","headline":"D\u0159\u00edv jsme asi nem\u011bli kurv\u00edtka","name":"D\u0159\u00edv jsme asi nem\u011bli kurv\u00edtka","description":"Kdy\u017e se tak poohl\u00e9dnu za sv\u00fdm \u017eivotem a za technikou, kter\u00e1 mne j\u00edm kdy prov\u00e1zela, jsem na jednu stranu docela r\u00e1d, \u017ee jsem se do\u017eil vymo\u017eenost\u00ed, kter\u00e9 dnes m\u00e1me a kter\u00e9 jsme d\u0159\u00edv nem\u00edvali, ale na druhou stranu mne to nejednou p\u0159ece jenom napl\u0148uje trochu smutkem. Jsem r\u00e1d, \u017ee t\u0159eba","datePublished":"2023-01-21","dateModified":"2023-01-21","author":{"@type":"Person","@id":"https:\/\/www.miltex.cz\/author\/#Person","name":"","url":"https:\/\/www.miltex.cz\/author\/","identifier":1,"image":{"@type":"ImageObject","@id":"https:\/\/secure.gravatar.com\/avatar\/da76ffe9456a057fb26f92cd8eb3d2effca853864e9ae2a35290bd1e10b1f7d4?s=96&d=mm&r=g","url":"https:\/\/secure.gravatar.com\/avatar\/da76ffe9456a057fb26f92cd8eb3d2effca853864e9ae2a35290bd1e10b1f7d4?s=96&d=mm&r=g","height":96,"width":96}},"publisher":{"@type":"Organization","name":"miltex.cz","logo":{"@type":"ImageObject","@id":"\/logo.png","url":"\/logo.png","width":600,"height":60}},"image":{"@type":"ImageObject","@id":"https:\/\/www.miltex.cz\/wp-content\/uploads\/00_1.jpg","url":"https:\/\/www.miltex.cz\/wp-content\/uploads\/00_1.jpg","height":0,"width":0},"url":"https:\/\/www.miltex.cz\/driv-jsme-asi-nemeli-kurvitka\/","about":["Technika"],"wordCount":487,"articleBody":"Kdy\u017e se tak poohl\u00e9dnu za sv\u00fdm \u017eivotem a za technikou, kter\u00e1 mne j\u00edm kdy prov\u00e1zela, jsem na jednu stranu docela r\u00e1d, \u017ee jsem se do\u017eil vymo\u017eenost\u00ed, kter\u00e9 dnes m\u00e1me a kter\u00e9 jsme d\u0159\u00edv nem\u00edvali, ale na druhou stranu mne to nejednou p\u0159ece jenom napl\u0148uje trochu smutkem. Jsem r\u00e1d, \u017ee t\u0159eba m\u00e1me po\u010d\u00edta\u010de, mobiln\u00ed telefony \u010di digit\u00e1ln\u00ed fotoapar\u00e1ty, kter\u00e9 za m\u00e9ho ml\u00e1d\u00ed nebyly \u010dasto ani v\u00a0na\u0161\u00ed nejbujn\u011bj\u0161\u00ed fantazii, nato\u017e ve skute\u010dnosti. Ale v\u00a0kolika jenom p\u0159\u00edpadech nejsem r\u00e1d u v\u011bc\u00ed, kter\u00e9 m\u00e1me dnes a kter\u00e9 jsme m\u00edvali t\u0159eba i za docela d\u00e1vn\u00fdch \u010das\u016f! A to kdy\u017e srovn\u00e1v\u00e1m.Na chat\u011b jsme si kdysi s\u00a0rodi\u010di mleli k\u00e1vu v\u00a0mechanick\u00e9m ml\u00fdnku s\u00a0kli\u010dkou. Mo\u017en\u00e1 takov\u00fd je\u0161t\u011b i vy zn\u00e1te. Byl kr\u00e1sn\u00fd, z\u00a0kovu a porcel\u00e1nu, a na p\u016fvabu mu nic neubralo ani to, \u017ee jsem byl p\u0159inejmen\u0161\u00edm t\u0159et\u00ed generac\u00ed, kter\u00e9 slou\u017eil. A funguje dodnes. Zat\u00edmco kdy\u017e si pak m\u00ed rodi\u010de koupili z\u00a0plez\u00edru ml\u00fdnek elektrick\u00fd, dokonce dovozov\u00fd z\u00a0Jugosl\u00e1vie, jak dlouho mysl\u00edte, \u017ee jim fungoval? S\u00a0b\u00eddou p\u00e1r let.Nebo takov\u00fd mix\u00e9r po rodi\u010d\u00edch. Mo\u017en\u00e1 ho budou ti star\u0161\u00ed z\u00a0v\u00e1s tak\u00e9 pamatovat. Byl n\u00e1\u0161, od firmy Eta, a by\u0165 u\u017e jsou rodi\u010de d\u00e1vno v\u00a0p\u00e1nu, mn\u011b doposud norm\u00e1ln\u011b slou\u017e\u00ed. A kdy\u017e pak \u010dlov\u011bk vid\u00ed, kolik modern\u011bj\u0161\u00edch verz\u00ed t\u00e9ho\u017e z\u00a0dne\u0161n\u00ed doby sotva vydr\u017e\u00ed d\u00e9le ne\u017e maxim\u00e1ln\u011b n\u011bkolikaletou z\u00e1ru\u010dn\u00ed lh\u016ftu\u2026A to u\u017e ani nemluv\u00edm o studni, ve kter\u00e9 se mi letos poprv\u00e9 porouchalo \u010derpadlo. Minim\u00e1ln\u011b dvacet let tam bylo a slou\u017eilo spolehliv\u011b sv\u00e9mu \u00fa\u010delu. A te\u010f? Te\u010f u\u017e mi to nikdo na tomt\u00e9\u017e m\u00edst\u011b neoprav\u00ed. Proto\u017ee se vyr\u00e1b\u00ed tot\u00e9\u017e, jen\u017ee u\u017e to nen\u00ed ta b\u00fdval\u00e1 kvalita a v\u00a0onom vlhku by pr\u00fd bylo jen ot\u00e1zkou \u010dasu, ne\u017e by mi tam sho\u0159ela elekt\u0159ina.Prost\u011b je mi smutno z\u00a0toho, jak se d\u0159\u00edv leccos d\u011blalo v\u00a0daleko primitivn\u011bj\u0161\u00edch podm\u00ednk\u00e1ch, ale p\u0159esto ta technika vydr\u017eela neskute\u010dn\u011b dlouho. Zat\u00edmco dnes? Dnes se pomalu do v\u0161eho, kam to jenom jde, propa\u0161uj\u00ed n\u011bjak\u00e1 ta \u201akurv\u00edtka\u2018. N\u011bco, co se postar\u00e1, aby to po uplynut\u00ed z\u00e1ruky z\u00e1hy doslou\u017eilo a ne\u0161lo to u\u017e opravit. Aby si lid\u00e9 museli kupovat nov\u00e9 v\u00fdrobky a obchody se h\u00fdbaly. A \u010dlov\u011bk se n\u00e1pravy nedovol\u00e1. Ani z\u00a0mobiln\u00edho telefonu Motorola d520. Kter\u00fd mi s\u00a0vym\u011bn\u011bnou bateri\u00ed slou\u017e\u00ed spolehliv\u011b u\u017e n\u011bkdy od konce minul\u00e9ho tis\u00edcilet\u00ed!                                                                                                                                                                                                                                                                                                                                                                                        4.5\/5 - (10 votes)        "},{"@context":"https:\/\/schema.org\/","@type":"BreadcrumbList","itemListElement":[{"@type":"ListItem","position":1,"name":"D\u0159\u00edv jsme asi nem\u011bli kurv\u00edtka","item":"https:\/\/www.miltex.cz\/driv-jsme-asi-nemeli-kurvitka\/#breadcrumbitem"}]}]